{"id":2900,"date":"2020-12-21T03:14:00","date_gmt":"2020-12-21T08:14:00","guid":{"rendered":"https:\/\/helene.lecairn.org\/?p=2900"},"modified":"2021-02-06T18:48:34","modified_gmt":"2021-02-06T23:48:34","slug":"nov-3-elections-americaines-2020-2-organisation-des-elections","status":"publish","type":"post","link":"https:\/\/helene.lecairn.org\/index.php\/2020\/12\/21\/nov-3-elections-americaines-2020-2-organisation-des-elections\/","title":{"rendered":"Nov 3 &#8211; \u00c9lections am\u00e9ricaines 2020 (2) &#8211; Organisation des \u00e9lections"},"content":{"rendered":"\n<p class=\"wp-block-paragraph\">Cet article est le 2<sup>e<\/sup> volet d&rsquo;une <a href=\"https:\/\/helene.lecairn.org\/index.php\/2020\/11\/18\/nov-3---elections-americaines-2020-1---introduction\/\" data-type=\"URL\" data-id=\"https:\/\/helene.lecairn.org\/index.php\/2020\/11\/18\/nov-3---elections-americaines-2020-1---introduction\/\" target=\"_blank\" rel=\"noreferrer noopener\">s\u00e9rie de 5 articles<\/a> explicatifs sur les \u00e9lections am\u00e9ricaines du 3 novembre.<\/p>\n\n\n\n<h2 class=\"wp-block-heading\">Des \u00e9lections organis\u00e9es par les \u00e9tats<\/h2>\n\n\n\n<p class=\"wp-block-paragraph\">Les \u00c9tat-Unis, comme leur nom l&rsquo;indique, sont un \u00e9tat f\u00e9d\u00e9ral et les \u00e9lections pr\u00e9sidentielles sont organis\u00e9es par les \u00e9tats. Les lois relatives \u00e0 la tenue des \u00e9lections et au comptage des voix sont donc diff\u00e9rentes pour chaque \u00e9tat. Certaines r\u00e9gulations diff\u00e8rent \u00e9galement d&rsquo;un county \u00e0 l&rsquo;autre. Sachant que les \u00c9tats-Unis sont divis\u00e9s en plus de 3000 counties, il est difficile de suivre toutes les subtilit\u00e9s de ces r\u00e9gulations!<\/p>\n\n\n\n<p class=\"wp-block-paragraph\">Le jour des \u00e9lections est fix\u00e9 le mardi suivant le 1<sup>er<\/sup> lundi de novembre tous les 4 ans (ann\u00e9es bisextiles). Les am\u00e9ricains peuvent voter \u00e0 leur bureau de vote le jour J, \u00e0 leur bureau de vote avant le jour J, ou par correspondance. Les r\u00e9gulations d\u00e9pendant des \u00e9tats et des counties concernent:<\/p>\n\n\n\n<ul class=\"wp-block-list\"><li>Les dates auxquelles les bureaux de votes ouvrent;<\/li><li>La possibilit\u00e9 de voter par correspondance;<\/li><li>Les conditions d&rsquo;obtention d&rsquo;un bulletin de vote par correspondance: demande limit\u00e9e \u00e0 des conditions pr\u00e9cises, demande sans conditions, ou envoi syst\u00e9matique \u00e0 tous les \u00e9lecteurs;<\/li><li>Les dates limites d&rsquo;envoi et de r\u00e9ception des bulletins de vote par correspondance;<\/li><li>La possibilit\u00e9 de rectifier son vote par correspondance en cas d&rsquo;erreur (oubli de signature par exemple) ainsi que les conditions de cette rectification;<\/li><li>Les conditions de comptage des bulletins de vote par correspondance: comptage avant le jour de l&rsquo;\u00e9lection, pr\u00e9paration (ouverture des enveloppes, v\u00e9rification des signatures,&#8230;) avant le jour de l&rsquo;\u00e9lection, ouverture et comptage apr\u00e8s la fermeture des bureaux de vote;<\/li><li>&#8230;<\/li><\/ul>\n\n\n\n<p class=\"wp-block-paragraph\">Ces diff\u00e9rentes r\u00e9gulations rendent difficile la compr\u00e9hension du syst\u00e8me dans son ensemble. Et d&rsquo;autant plus que dans certains \u00e9tats, des lois relatives aux \u00e9lections ont \u00e9t\u00e9 vot\u00e9es pendant le mois d&rsquo;octobre, alors que les bureaux de votes \u00e9taient d\u00e9j\u00e0 ouverts, modifiant les r\u00e8gles au cours de l&rsquo;\u00e9lection.<\/p>\n\n\n\n<h2 class=\"wp-block-heading\">Un contexte particulier<\/h2>\n\n\n\n<p class=\"wp-block-paragraph\">Ces \u00e9lections se d\u00e9roulent dans le contexte particulier de l&rsquo;\u00e9pid\u00e9mie de Covid-19 avec plus de 90,000 nouvelles infections et 1,200 morts le 3 novembre. Cela correspond \u00e0 26.5 cas pour 100,000 habitants, on est au d\u00e9but d&rsquo;une nouvelle vague. L&rsquo;inaction du gouvernement f\u00e9d\u00e9ral a eu pour r\u00e9sultat en un pourcentage de la population infect\u00e9e et un nombre de d\u00e9c\u00e8s tr\u00e8s sup\u00e9rieurs au reste du monde, soit environ 20% des cas aux US, alors que seulement 4% de la population mondiale vit aux US.<\/p>\n\n\n\n<h3 class=\"wp-block-heading\">Fermeture de bureaux de votes<\/h3>\n\n\n\n<p class=\"wp-block-paragraph\">Une combinaison de facteurs a fait que certains \u00e9lecteurs ont attendu plusieurs heures avant de pouvoir voter. Le nombre de bureaux de votes a diminu\u00e9 de 20% par rapport aux \u00e9lections 2016, avec pr\u00e8s de 21,000 bureaux de vote en moins (dont la moiti\u00e9 en Californie). Chaque bureau de vote a donc d\u00fb accueillir plus de votants que d&rsquo;habitude. La diminution la plus drastique a eu lieu dans le Maryland avec la suppression de 80% des bureaux de vote. Ces diminutions ont affect\u00e9 davantage les localit\u00e9s \u00e0 majorit\u00e9 africaine-am\u00e9ricaine et hispanique. Les conditions sanitaires imposaient \u00e9galement le nettoyage des stations de vote entre chaque usage, ralentissant le processus \u00e9lectoral.<\/p>\n\n\n\n<h3 class=\"wp-block-heading\">Le vote par correspondance<\/h3>\n\n\n\n<p class=\"wp-block-paragraph\">Le contexte sanitaire a amen\u00e9 23 \u00e9tats \u00e0 changer leur l\u00e9gislation pour favoriser le vote par correspondance cette ann\u00e9e et diminuer le nombre d&rsquo;\u00e9lecteurs dans les bureaux de vote. Sur 155 millions de votants, 62 millions ont vot\u00e9 par correspondance (2 fois plus qu&rsquo;en 2016) et 39 millions ont vot\u00e9 en personne avant le jour de l&rsquo;\u00e9lection. Environ 2\/3 des \u00e9lecteurs ont donc vot\u00e9 avant le jour de l&rsquo;\u00e9lection en 2020.<\/p>\n\n\n\n<p class=\"wp-block-paragraph\">Le pourcentage des votes en faveur des d\u00e9mocrates est plus \u00e9lev\u00e9 dans les votes par correspondance. Donald Trump a donc men\u00e9 une campagne de discr\u00e9dit du vote par correspondance en insistant sur la fraude possible. Cela est en fait extr\u00eamement rare, facilement d\u00e9tectable, et tr\u00e8s lourd de cons\u00e9quences judiciaires (plusieurs ann\u00e9es de prison) pour les contrevenants. Cette campagne a \u00e9t\u00e9 combin\u00e9e \u00e0 une casse de l&rsquo;USPS (la poste) par le Postmaster General Louis Dejoy, nomm\u00e9 en mai de cette ann\u00e9e. Des machines de comptage des courriers ont \u00e9t\u00e9 d\u00e9mantel\u00e9es afin de ralentir la distribution du courrier et potentiellement de disqualifier certains bulletins de vote par correspondance qui arriveraient trop tard pour \u00eatre compt\u00e9s et de ce fait diminuer le pourcentage de voix pour Joe Biden. Le nombre de bo\u00eetes \u00e0 lettres d\u00e9di\u00e9es aux bulletins de vote a aussi \u00e9t\u00e9 drastiquement r\u00e9duit dans certains counties. <\/p>\n\n\n\n<h3 class=\"wp-block-heading\">Suppression de votants<\/h3>\n\n\n\n<p class=\"wp-block-paragraph\">Dans de nombreux \u00e9tats, un certain nombre de mesures ont tendance \u00e0 diminuer l&rsquo;acc\u00e8s au droit de vote, en particulier pour les populations africaine-am\u00e9ricaine et hispanique. Souvent plusieurs facteurs se combinent pour ces populations: en moyenne leur temps d&rsquo;attente au bureau de vote est plus long, les personnes ayant purg\u00e9 une peine de prison peuvent perdre leur droit de vote, et les listes \u00e9lectorales sont r\u00e9guli\u00e8rement purg\u00e9es.<\/p>\n\n\n\n<p class=\"wp-block-paragraph\">Sachant que la population carc\u00e9rale masculine est constitu\u00e9e de 34% d&rsquo;africains-am\u00e9ricains, de 24% d&rsquo;hispaniques et de 18% de blancs, alors que la population des \u00c9tats-Unis compte 13% d&rsquo;africains-am\u00e9ricains, 18% d&rsquo;hispaniques, et 73% de blancs, les populations non blanches sont d\u00e9savantag\u00e9es.<\/p>\n\n\n\n<p class=\"wp-block-paragraph\">En ce qui concerne la purge des listes \u00e9lectorales, ce processus a pour but de retirer des listes \u00e9lectorales les \u00e9lecteurs d\u00e9c\u00e9d\u00e9s et les \u00e9lecteurs ayant d\u00e9m\u00e9nag\u00e9. En 2019, plus de 313,000 votants (sur 7,200,000 de votants, soit 4%) ont \u00e9t\u00e9 retir\u00e9s des listes \u00e9lectorales de G\u00e9orgie parce qu&rsquo;ayant apparemment d\u00e9m\u00e9nag\u00e9. En fait, 2\/3 d&rsquo;entre eux n&rsquo;avaient pas d\u00e9m\u00e9nag\u00e9 mais avaient \u00e9t\u00e9 ray\u00e9s des listes par erreur. Les \u00e9lecteurs des counties \u00e0 majorit\u00e9 africaine-am\u00e9ricaine et hispanique sont globalement plus touch\u00e9s par ce ph\u00e9nom\u00e8ne. De plus, les \u00e9lecteurs ne sont souvent pas avertis qu&rsquo;ils ont \u00e9t\u00e9 ray\u00e9s des listes \u00e9lectorales. Une partie des \u00e9lus et des candidats encouragent donc les votants \u00e0 v\u00e9rifier qu&rsquo;ils sont bien inscrits sur les listes \u00e9lectorales, m\u00eame s&rsquo;ils n&rsquo;ont pas d\u00e9m\u00e9nag\u00e9 et qu&rsquo;ils ont vot\u00e9 aux derni\u00e8res \u00e9lections.<\/p>\n\n\n\n<h2 class=\"wp-block-heading\">Des \u00e9lections pr\u00e9sidentielles, mais pas seulement&#8230;<\/h2>\n\n\n\n<p class=\"wp-block-paragraph\">Le syst\u00e8me \u00e9lectoral am\u00e9ricain consid\u00e8re que puisque les \u00e9lecteurs se sont d\u00e9plac\u00e9s pour les \u00e9lections pr\u00e9sidentielles et qu&rsquo;on les a sous la main, autant en profiter pour les faire voter sur d&rsquo;autres sujets. Les \u00e9lecteurs de chaque \u00e9tat sont ainsi amen\u00e9s \u00e0 voter pour leurs \u00e9lus au s\u00e9nat et \u00e0 la chambre des repr\u00e9sentants, et sur un certain nombre de questions.<\/p>\n\n\n\n<h3 class=\"wp-block-heading\">La chambre des repr\u00e9sentants<\/h3>\n\n\n\n<p class=\"wp-block-paragraph\">La chambre des repr\u00e9sentants est constitu\u00e9e de 435 repr\u00e9sentants qui sont \u00e9lus pour deux ans. Les \u00e9tats sont d\u00e9coup\u00e9s en districts qui sont chacun repr\u00e9sent\u00e9s par un membre de la chambre des repr\u00e9sentants. Le nombre de repr\u00e9sentants de chaque \u00e9tat est proportionnel \u00e0 sa population. Par exemple, la Californie a 53 si\u00e8ges, le Texas 36, et la Floride 27, alors que les \u00e9tats peu peupl\u00e9s du Dakota du Nord, du Vermont, ou du Wyoming ont chacun un repr\u00e9sentant. En 2020 le parti d\u00e9mocrate obtient la majorit\u00e9 \u00e0 la chambre des repr\u00e9sentants avec 222 si\u00e8ges contre 211 pour les r\u00e9publicains, 3 si\u00e8ges n&rsquo;\u00e9tant pas encore attribu\u00e9s lors de l&rsquo;\u00e9criture de cet article.<\/p>\n\n\n\n<h3 class=\"wp-block-heading\">Le s\u00e9nat<\/h3>\n\n\n\n<p class=\"wp-block-paragraph\">Les s\u00e9nateurs sont \u00e9lus pour six ans et le s\u00e9nat est renouvel\u00e9 par tiers tous les deux ans. Chaque \u00e9tat est repr\u00e9sent\u00e9 par deux s\u00e9nateurs, ce qui donne beaucoup plus de poids aux opinions des \u00e9tats les moins peupl\u00e9s. Actuellement, les r\u00e9publicains ont 50 si\u00e8ges, les d\u00e9mocrates 46 si\u00e8ges, 2 si\u00e8ges appartiennent \u00e0 d&rsquo;autres partis et le vote pour les 2 si\u00e8ges de G\u00e9orgie se tiendra d\u00e9but janvier. Dans le cas, apparemment peu probable, o\u00f9 les deux s\u00e9nateurs r\u00e9publicains de G\u00e9orgie seraient remplac\u00e9s par les candidats d\u00e9mocrates, il pourrait y avoir \u00e9galit\u00e9 des voix lors des votes au s\u00e9nat. Si c&rsquo;est le cas, la vice-pr\u00e9sidente Kamala Harris devra ajouter son vote pour d\u00e9gager une majorit\u00e9.<\/p>\n\n\n\n<h3 class=\"wp-block-heading\">Les questions<\/h3>\n\n\n\n<p class=\"wp-block-paragraph\">Les \u00e9lecteurs peuvent aussi s&rsquo;exprimer sur un certain nombre de questions sur la l\u00e9gislation de leur \u00e9tat. Les questions peuvent concerner entre autres choses des amendements aux lois de l&rsquo;\u00e9tat, une p\u00e9tition qui a obtenu suffisamment de signatures, ou un r\u00e9f\u00e9rendum pour exercer un droit de veto \u00e0 propos d&rsquo;une loi. Elles peuvent provenir de la chambre des repr\u00e9sentants de l&rsquo;\u00e9tat, de diff\u00e9rentes commissions, ou des citoyens.<\/p>\n\n\n\n<p class=\"wp-block-paragraph\">En 2020, le grand gagnant de ces questions est&#8230; le cannabis! Avant les \u00e9lections, le cannabis \u00e9tait d\u00e9j\u00e0 l\u00e9gal pour un usage r\u00e9cr\u00e9atif dans 11 \u00e9tats et dans le district de Columbia (DC). Maintenant, il est l\u00e9gal dans 4 autres \u00e9tats pour un usage r\u00e9cr\u00e9atif et dans 2 autres \u00e9tats pour un usage m\u00e9dical. De plus, l&rsquo;Oregon a vot\u00e9 en faveur de la d\u00e9criminalisation de toutes les drogues en petite quantit\u00e9.<\/p>\n\n\n\n<p class=\"wp-block-paragraph\">La question du salaire minimum a aussi \u00e9t\u00e9 pos\u00e9e aux citoyens de Floride. Pour replacer cette question dans son contexte, on doit rappeler que le salaire minimum impos\u00e9 au niveau national est de $7.25\/h, ce qui \u00e9quivaut \u00e0 $1,250\/mois ou 1,030\u20ac\/mois (\u00e0 40h\/semaine sans cong\u00e9s pay\u00e9s). Un salaire minimum plus \u00e9lev\u00e9 est d\u00e9j\u00e0 impos\u00e9 dans plusieurs \u00e9tats: 18 \u00e9tats et DC imposent un salaire minimum de $10\/h ou plus, le plus haut \u00e9tant $15\/h \u00e0 DC. Les candidats les plus progressistes du parti d\u00e9mocrate militent pour un salaire minimum de $15 au niveau f\u00e9d\u00e9ral, ce qui \u00e9quivaut \u00e0 $2,600\/mois ou 2,150\u20ac\/mois (\u00e0 40h\/semaine sans cong\u00e9s pay\u00e9s). Cette ann\u00e9e, les floridiens, bien qu&rsquo;ayant vot\u00e9 pour Trump en majorit\u00e9, ont approuv\u00e9 la mise en place d&rsquo;un salaire minimum \u00e0 $15\/h.<\/p>\n\n\n\n<p class=\"wp-block-paragraph\">La s\u00e9rie <strong>\u00e9lections am\u00e9ricaines 2020<\/strong> continue par un article sur le <a href=\"https:\/\/helene.lecairn.org\/index.php\/2020\/12\/05\/nov-3---elections-americaines-2020-3---le-college-electoral\/\" data-type=\"URL\" data-id=\"https:\/\/helene.lecairn.org\/index.php\/2020\/12\/05\/nov-3---elections-americaines-2020-3---le-college-electoral\/\" target=\"_blank\" rel=\"noreferrer noopener\">coll\u00e8ge \u00e9lectoral<\/a>.<\/p>\n","protected":false},"excerpt":{"rendered":"<p>Cet article est le 2e volet d&rsquo;une s\u00e9rie de 5 articles explicatifs sur les \u00e9lections am\u00e9ricaines du 3 novembre. Des \u00e9lections organis\u00e9es par les \u00e9tats Les \u00c9tat-Unis, comme leur nom l&rsquo;indique, sont un \u00e9tat f\u00e9d\u00e9ral et les \u00e9lections pr\u00e9sidentielles sont organis\u00e9es par les \u00e9tats. Les lois relatives \u00e0 la tenue des \u00e9lections et au comptage &hellip; <\/p>\n<p class=\"link-more\"><a href=\"https:\/\/helene.lecairn.org\/index.php\/2020\/12\/21\/nov-3-elections-americaines-2020-2-organisation-des-elections\/\" class=\"more-link\">Continuer la lecture<span class=\"screen-reader-text\"> de &laquo;&nbsp;Nov 3 &#8211; \u00c9lections am\u00e9ricaines 2020 (2) &#8211; Organisation des \u00e9lections&nbsp;&raquo;<\/span><\/a><\/p>\n","protected":false},"author":1,"featured_media":0,"comment_status":"open","ping_status":"open","sticky":false,"template":"","format":"standard","meta":{"_crdt_document":"","footnotes":""},"categories":[1],"tags":[75,77],"class_list":["post-2900","post","type-post","status-publish","format-standard","hentry","category-non-classe","tag-dc","tag-elections"],"_links":{"self":[{"href":"https:\/\/helene.lecairn.org\/index.php\/wp-json\/wp\/v2\/posts\/2900","targetHints":{"allow":["GET"]}}],"collection":[{"href":"https:\/\/helene.lecairn.org\/index.php\/wp-json\/wp\/v2\/posts"}],"about":[{"href":"https:\/\/helene.lecairn.org\/index.php\/wp-json\/wp\/v2\/types\/post"}],"author":[{"embeddable":true,"href":"https:\/\/helene.lecairn.org\/index.php\/wp-json\/wp\/v2\/users\/1"}],"replies":[{"embeddable":true,"href":"https:\/\/helene.lecairn.org\/index.php\/wp-json\/wp\/v2\/comments?post=2900"}],"version-history":[{"count":18,"href":"https:\/\/helene.lecairn.org\/index.php\/wp-json\/wp\/v2\/posts\/2900\/revisions"}],"predecessor-version":[{"id":3153,"href":"https:\/\/helene.lecairn.org\/index.php\/wp-json\/wp\/v2\/posts\/2900\/revisions\/3153"}],"wp:attachment":[{"href":"https:\/\/helene.lecairn.org\/index.php\/wp-json\/wp\/v2\/media?parent=2900"}],"wp:term":[{"taxonomy":"category","embeddable":true,"href":"https:\/\/helene.lecairn.org\/index.php\/wp-json\/wp\/v2\/categories?post=2900"},{"taxonomy":"post_tag","embeddable":true,"href":"https:\/\/helene.lecairn.org\/index.php\/wp-json\/wp\/v2\/tags?post=2900"}],"curies":[{"name":"wp","href":"https:\/\/api.w.org\/{rel}","templated":true}]}}