{"id":2111,"date":"2020-05-01T05:04:00","date_gmt":"2020-05-01T03:04:00","guid":{"rendered":"http:\/\/helene.lecairn.org\/?p=2111"},"modified":"2020-06-16T17:59:03","modified_gmt":"2020-06-16T15:59:03","slug":"jan-5-7-autre-passage-rapide-a-paris","status":"publish","type":"post","link":"https:\/\/helene.lecairn.org\/index.php\/2020\/05\/01\/jan-5-7-autre-passage-rapide-a-paris\/","title":{"rendered":"Jan 5-7 &#8211; Autre passage rapide \u00e0 Paris"},"content":{"rendered":"\n<p class=\"wp-block-paragraph\">Me voil\u00e0 <a href=\"https:\/\/helene.lecairn.org\/index.php\/2020\/04\/27\/dec-18-20-passage-rapide-a-paris\/\" data-type=\"URL\" data-id=\"https:\/\/helene.lecairn.org\/index.php\/2020\/04\/27\/dec-18-20-passage-rapide-a-paris\/\" target=\"_blank\" rel=\"noreferrer noopener\">de retour \u00e0 Paris<\/a> apr\u00e8s <a href=\"https:\/\/helene.lecairn.org\/index.php\/2020\/04\/29\/dec-jan-20-5-noel-en-bretagne\/\" data-type=\"URL\" data-id=\"https:\/\/helene.lecairn.org\/index.php\/2020\/04\/29\/dec-jan-20-5-noel-en-bretagne\/\" target=\"_blank\" rel=\"noreferrer noopener\">quelques jours en Bretagne<\/a>! Cette fois-ci, je peux passer un peu plus de temps avec Myriam et Alicia, et je ne suis pas stress\u00e9e par les histoires de visa. On a pris du temps pour cuisiner, manger copieusement et Alicia m&rsquo;a fait une petite visite de Vincennes et du ch\u00e2teau dont la r\u00e9novation a \u00e9t\u00e9 termin\u00e9e en 2006.<\/p>\n\n\n\n<figure class=\"wp-block-image size-large\"><img loading=\"lazy\" decoding=\"async\" width=\"1024\" height=\"768\" src=\"http:\/\/helene.lecairn.org\/wp-content\/uploads\/2020\/04\/IMG_20200105_204841-1024x768.jpg\" alt=\"\" class=\"wp-image-2112\" srcset=\"https:\/\/helene.lecairn.org\/wp-content\/uploads\/2020\/04\/IMG_20200105_204841-1024x768.jpg 1024w, https:\/\/helene.lecairn.org\/wp-content\/uploads\/2020\/04\/IMG_20200105_204841-300x225.jpg 300w, https:\/\/helene.lecairn.org\/wp-content\/uploads\/2020\/04\/IMG_20200105_204841-768x576.jpg 768w, https:\/\/helene.lecairn.org\/wp-content\/uploads\/2020\/04\/IMG_20200105_204841-1536x1152.jpg 1536w, https:\/\/helene.lecairn.org\/wp-content\/uploads\/2020\/04\/IMG_20200105_204841-2048x1536.jpg 2048w\" sizes=\"auto, (max-width: 767px) 89vw, (max-width: 1000px) 54vw, (max-width: 1071px) 543px, 580px\" \/><figcaption>De gauche \u00e0 droite: H\u00e9l\u00e8ne, Myriam et Alicia.<\/figcaption><\/figure>\n\n\n\n<p class=\"wp-block-paragraph\">Le ch\u00e2teau a \u00e9t\u00e9 une r\u00e9sidence royale, puis une prison. Pendant un moment il h\u00e9bergea une manufacture de porcelaine, aujourd&rsquo;hui connue sous le nom de porcelaine de S\u00e8vres. Ensuite il a servi d&rsquo;arsenal et il abrite aujourd&rsquo;hui certains services de la D\u00e9fense.<\/p>\n\n\n\n<figure class=\"wp-block-image size-large is-resized\"><img loading=\"lazy\" decoding=\"async\" src=\"http:\/\/helene.lecairn.org\/wp-content\/uploads\/2020\/04\/IMG_20200106_145912-768x1024.jpg\" alt=\"\" class=\"wp-image-2115\" width=\"384\" height=\"512\" srcset=\"https:\/\/helene.lecairn.org\/wp-content\/uploads\/2020\/04\/IMG_20200106_145912-768x1024.jpg 768w, https:\/\/helene.lecairn.org\/wp-content\/uploads\/2020\/04\/IMG_20200106_145912-225x300.jpg 225w, https:\/\/helene.lecairn.org\/wp-content\/uploads\/2020\/04\/IMG_20200106_145912-1152x1536.jpg 1152w, https:\/\/helene.lecairn.org\/wp-content\/uploads\/2020\/04\/IMG_20200106_145912-1536x2048.jpg 1536w, https:\/\/helene.lecairn.org\/wp-content\/uploads\/2020\/04\/IMG_20200106_145912-scaled.jpg 1920w\" sizes=\"auto, (max-width: 384px) 100vw, 384px\" \/><figcaption>Donjon du ch\u00e2teau de Vincennes<\/figcaption><\/figure>\n\n\n\n<figure class=\"wp-block-gallery columns-2 is-cropped wp-block-gallery-1 is-layout-flex wp-block-gallery-is-layout-flex\"><ul class=\"blocks-gallery-grid\"><li class=\"blocks-gallery-item\"><figure><img loading=\"lazy\" decoding=\"async\" width=\"768\" height=\"1024\" src=\"http:\/\/helene.lecairn.org\/wp-content\/uploads\/2020\/04\/IMG_20200106_145855-768x1024.jpg\" alt=\"\" data-id=\"2113\" data-link=\"http:\/\/helene.lecairn.org\/?attachment_id=2113\" class=\"wp-image-2113\" srcset=\"https:\/\/helene.lecairn.org\/wp-content\/uploads\/2020\/04\/IMG_20200106_145855-768x1024.jpg 768w, https:\/\/helene.lecairn.org\/wp-content\/uploads\/2020\/04\/IMG_20200106_145855-225x300.jpg 225w, https:\/\/helene.lecairn.org\/wp-content\/uploads\/2020\/04\/IMG_20200106_145855-1152x1536.jpg 1152w, https:\/\/helene.lecairn.org\/wp-content\/uploads\/2020\/04\/IMG_20200106_145855-1536x2048.jpg 1536w, https:\/\/helene.lecairn.org\/wp-content\/uploads\/2020\/04\/IMG_20200106_145855-scaled.jpg 1920w\" sizes=\"auto, (max-width: 767px) 89vw, (max-width: 1000px) 54vw, (max-width: 1071px) 543px, 580px\" \/><\/figure><\/li><li class=\"blocks-gallery-item\"><figure><img loading=\"lazy\" decoding=\"async\" width=\"768\" height=\"1024\" src=\"http:\/\/helene.lecairn.org\/wp-content\/uploads\/2020\/04\/IMG_20200106_150005-768x1024.jpg\" alt=\"\" data-id=\"2114\" data-full-url=\"http:\/\/helene.lecairn.org\/wp-content\/uploads\/2020\/04\/IMG_20200106_150005-scaled.jpg\" data-link=\"http:\/\/helene.lecairn.org\/?attachment_id=2114\" class=\"wp-image-2114\" srcset=\"https:\/\/helene.lecairn.org\/wp-content\/uploads\/2020\/04\/IMG_20200106_150005-768x1024.jpg 768w, https:\/\/helene.lecairn.org\/wp-content\/uploads\/2020\/04\/IMG_20200106_150005-225x300.jpg 225w, https:\/\/helene.lecairn.org\/wp-content\/uploads\/2020\/04\/IMG_20200106_150005-1152x1536.jpg 1152w, https:\/\/helene.lecairn.org\/wp-content\/uploads\/2020\/04\/IMG_20200106_150005-1536x2048.jpg 1536w, https:\/\/helene.lecairn.org\/wp-content\/uploads\/2020\/04\/IMG_20200106_150005-scaled.jpg 1920w\" sizes=\"auto, (max-width: 767px) 89vw, (max-width: 1000px) 54vw, (max-width: 1071px) 543px, 580px\" \/><\/figure><\/li><\/ul><figcaption class=\"blocks-gallery-caption\">Sainte chapelle de Vincennes<\/figcaption><\/figure>\n\n\n\n<figure class=\"wp-block-image size-large is-resized\"><img loading=\"lazy\" decoding=\"async\" src=\"http:\/\/helene.lecairn.org\/wp-content\/uploads\/2020\/04\/IMG_20200106_174931-768x1024.jpg\" alt=\"\" class=\"wp-image-2116\" width=\"384\" height=\"512\" srcset=\"https:\/\/helene.lecairn.org\/wp-content\/uploads\/2020\/04\/IMG_20200106_174931-768x1024.jpg 768w, https:\/\/helene.lecairn.org\/wp-content\/uploads\/2020\/04\/IMG_20200106_174931-225x300.jpg 225w, https:\/\/helene.lecairn.org\/wp-content\/uploads\/2020\/04\/IMG_20200106_174931-1152x1536.jpg 1152w, https:\/\/helene.lecairn.org\/wp-content\/uploads\/2020\/04\/IMG_20200106_174931-1536x2048.jpg 1536w, https:\/\/helene.lecairn.org\/wp-content\/uploads\/2020\/04\/IMG_20200106_174931-scaled.jpg 1920w\" sizes=\"auto, (max-width: 384px) 100vw, 384px\" \/><figcaption>Myriam, la reine de la galette!<\/figcaption><\/figure>\n\n\n\n<figure class=\"wp-block-image size-large is-resized\"><img loading=\"lazy\" decoding=\"async\" src=\"http:\/\/helene.lecairn.org\/wp-content\/uploads\/2020\/04\/IMG-20200107-WA0007-1-683x1024.jpg\" alt=\"\" class=\"wp-image-2118\" width=\"342\" height=\"512\" srcset=\"https:\/\/helene.lecairn.org\/wp-content\/uploads\/2020\/04\/IMG-20200107-WA0007-1-683x1024.jpg 683w, https:\/\/helene.lecairn.org\/wp-content\/uploads\/2020\/04\/IMG-20200107-WA0007-1-200x300.jpg 200w, https:\/\/helene.lecairn.org\/wp-content\/uploads\/2020\/04\/IMG-20200107-WA0007-1-768x1152.jpg 768w, https:\/\/helene.lecairn.org\/wp-content\/uploads\/2020\/04\/IMG-20200107-WA0007-1-1024x1536.jpg 1024w, https:\/\/helene.lecairn.org\/wp-content\/uploads\/2020\/04\/IMG-20200107-WA0007-1-1365x2048.jpg 1365w, https:\/\/helene.lecairn.org\/wp-content\/uploads\/2020\/04\/IMG-20200107-WA0007-1.jpg 1456w\" sizes=\"auto, (max-width: 342px) 100vw, 342px\" \/><figcaption>Dernier pain au chocolat avant de prendre l&rsquo;avion<\/figcaption><\/figure>\n","protected":false},"excerpt":{"rendered":"<p>Me voil\u00e0 de retour \u00e0 Paris apr\u00e8s quelques jours en Bretagne! Cette fois-ci, je peux passer un peu plus de temps avec Myriam et Alicia, et je ne suis pas stress\u00e9e par les histoires de visa. On a pris du temps pour cuisiner, manger copieusement et Alicia m&rsquo;a fait une petite visite de Vincennes et &hellip; <\/p>\n<p class=\"link-more\"><a href=\"https:\/\/helene.lecairn.org\/index.php\/2020\/05\/01\/jan-5-7-autre-passage-rapide-a-paris\/\" class=\"more-link\">Continuer la lecture<span class=\"screen-reader-text\"> de &laquo;&nbsp;Jan 5-7 &#8211; Autre passage rapide \u00e0 Paris&nbsp;&raquo;<\/span><\/a><\/p>\n","protected":false},"author":1,"featured_media":0,"comment_status":"open","ping_status":"open","sticky":false,"template":"","format":"standard","meta":{"_crdt_document":"","footnotes":""},"categories":[1],"tags":[26,12],"class_list":["post-2111","post","type-post","status-publish","format-standard","hentry","category-non-classe","tag-france","tag-ville"],"_links":{"self":[{"href":"https:\/\/helene.lecairn.org\/index.php\/wp-json\/wp\/v2\/posts\/2111","targetHints":{"allow":["GET"]}}],"collection":[{"href":"https:\/\/helene.lecairn.org\/index.php\/wp-json\/wp\/v2\/posts"}],"about":[{"href":"https:\/\/helene.lecairn.org\/index.php\/wp-json\/wp\/v2\/types\/post"}],"author":[{"embeddable":true,"href":"https:\/\/helene.lecairn.org\/index.php\/wp-json\/wp\/v2\/users\/1"}],"replies":[{"embeddable":true,"href":"https:\/\/helene.lecairn.org\/index.php\/wp-json\/wp\/v2\/comments?post=2111"}],"version-history":[{"count":5,"href":"https:\/\/helene.lecairn.org\/index.php\/wp-json\/wp\/v2\/posts\/2111\/revisions"}],"predecessor-version":[{"id":2497,"href":"https:\/\/helene.lecairn.org\/index.php\/wp-json\/wp\/v2\/posts\/2111\/revisions\/2497"}],"wp:attachment":[{"href":"https:\/\/helene.lecairn.org\/index.php\/wp-json\/wp\/v2\/media?parent=2111"}],"wp:term":[{"taxonomy":"category","embeddable":true,"href":"https:\/\/helene.lecairn.org\/index.php\/wp-json\/wp\/v2\/categories?post=2111"},{"taxonomy":"post_tag","embeddable":true,"href":"https:\/\/helene.lecairn.org\/index.php\/wp-json\/wp\/v2\/tags?post=2111"}],"curies":[{"name":"wp","href":"https:\/\/api.w.org\/{rel}","templated":true}]}}