{"id":2106,"date":"2020-04-27T03:23:00","date_gmt":"2020-04-27T01:23:00","guid":{"rendered":"http:\/\/helene.lecairn.org\/?p=2106"},"modified":"2020-04-19T04:18:43","modified_gmt":"2020-04-19T02:18:43","slug":"dec-18-20-passage-rapide-a-paris","status":"publish","type":"post","link":"https:\/\/helene.lecairn.org\/index.php\/2020\/04\/27\/dec-18-20-passage-rapide-a-paris\/","title":{"rendered":"Dec 18-20 &#8211; Passage rapide \u00e0 Paris"},"content":{"rendered":"\n<h2 class=\"wp-block-heading\">Faux d\u00e9part<\/h2>\n\n\n\n<p class=\"wp-block-paragraph\">J&rsquo;ai d\u00e9cid\u00e9 de rentrer en France \u00e0 la p\u00e9riode de No\u00ebl pour voir ma famille et quelques amis, et aussi renouveler mon visa. Pour renouveler le visa, il faut aller en personne (et sur rendez-vous) \u00e0 l&rsquo;ambassade des \u00c9tats-Unis \u00e0 Paris, laisser son passeport et se trouver \u00e0 son adresse fran\u00e7aise (pour moi chez mes parents) une semaine plus tard pour recevoir le passeport par courrier.<\/p>\n\n\n\n<p class=\"wp-block-paragraph\">Comme je publie cet article avec quelques mois de retard, je vous rappelle le contexte du mois de d\u00e9cembre 2019. Au moment o\u00f9 je prends mes billets d&rsquo;avion un mois plus t\u00f4t, on annonce des mouvements de gr\u00e8ve tr\u00e8s importants \u00e0 partir du 7 d\u00e9cembre pour contester le projet de r\u00e9forme des retraites propos\u00e9 par le gouvernement. Je suis sens\u00e9e voyager 10-15 jours apr\u00e8s ce d\u00e9but de gr\u00e8ve potentiellement reconductible, j&rsquo;ai donc pris de la marge. J&rsquo;ai pr\u00e9vu de partir le mardi soir de Boston, arriver le mercredi matin \u00e0 Paris et de loger chez Myriam et Alicia, jusqu&rsquo;\u00e0 mon rendez-vous \u00e0 l&rsquo;ambassade le vendredi en fin de matin\u00e9e, et de prendre un train pour Brest le vendredi apr\u00e8s-midi.<\/p>\n\n\n\n<p class=\"wp-block-paragraph\">Le mardi j&rsquo;ai deux vols: Boston &#8211; New York City et New-York City &#8211; Paris. Mais le mardi matin il a neig\u00e9 \u00e0 Boston, ce qui a entrain\u00e9 toute une s\u00e9rie de retards jusqu&rsquo;au soir et le Boston &#8211; New York n&rsquo;a jamais d\u00e9coll\u00e9. J&rsquo;ai donc pass\u00e9 la nuit \u00e0 l&rsquo;h\u00f4tel et pris un direct Boston &#8211; Paris la nuit suivante. Je pensais avoir des probl\u00e8mes dans les transports fran\u00e7ais, mais finalement ce retard d&rsquo;avion est le seul retard que j&rsquo;ai eu pendant l&rsquo;int\u00e9gralit\u00e9 de mon voyage!<\/p>\n\n\n\n<h2 class=\"wp-block-heading\">Paris \u00e0 pied et visites aux copains<\/h2>\n\n\n\n<p class=\"wp-block-paragraph\">J&rsquo;ai atterri le jeudi matin, j&rsquo;ai donc un peu de temps pendant la journ\u00e9e. J&rsquo;en profite pour rendre visite \u00e0 Alex, qui est probablement la derni\u00e8re personne que je m&rsquo;attendais \u00e0 voir \u00e0 Paris! Par chance, je passe \u00e0 Paris juste au moment o\u00f9 il aide sa s\u0153ur \u00e0 r\u00e9nover son appartement. On ne s&rsquo;est pas vus depuis que je suis partie aux \u00c9tats-Unis, on passe donc un bon bout de temps \u00e0 discuter! Ensuite je vais passer la nuit chez Myriam et Alicia \u00e0 Vincennes, mon rep\u00e8re parisien! J&rsquo;ai malheureusement rat\u00e9 le repas qu&rsquo;elles avaient pr\u00e9vu la veille avec plusieurs autres amis, ce soir l\u00e0 on est en petit commit\u00e9.<\/p>\n\n\n\n<p class=\"wp-block-paragraph\">Le lendemain, je me l\u00e8ve t\u00f4t pour mon rendez-vous \u00e0 l&rsquo;ambassade. Le trafic des m\u00e9tros est tr\u00e8s perturb\u00e9, mais j&rsquo;ai de la chance: l&rsquo;ambassade et l&rsquo;appartement de Myriam et Alicia sont sur la ligne 1, automatique, et donc fonctionnant normalement, bien qu&rsquo;absolument bond\u00e9e \u00e0 toute heure. \u00c0 l&rsquo;ambassade tout se passe bien. J&rsquo;ai ensuite un peu moins d&rsquo;une heure de marche jusqu&rsquo;\u00e0 la gare Montparnasse. J&rsquo;ai donc le temps de passer quelques coups de fil et notamment de faire la commande de mes petits plats favoris \u00e0 ma Maman, qu&rsquo;elle a \u00e9videmment d\u00e9j\u00e0 pr\u00e9vus!<\/p>\n\n\n\n<figure class=\"wp-block-image size-large\"><img loading=\"lazy\" decoding=\"async\" width=\"1024\" height=\"768\" src=\"http:\/\/helene.lecairn.org\/wp-content\/uploads\/2020\/04\/IMG_20191220_122346-1-1024x768.jpg\" alt=\"\" class=\"wp-image-2107\" srcset=\"https:\/\/helene.lecairn.org\/wp-content\/uploads\/2020\/04\/IMG_20191220_122346-1-1024x768.jpg 1024w, https:\/\/helene.lecairn.org\/wp-content\/uploads\/2020\/04\/IMG_20191220_122346-1-300x225.jpg 300w, https:\/\/helene.lecairn.org\/wp-content\/uploads\/2020\/04\/IMG_20191220_122346-1-768x576.jpg 768w, https:\/\/helene.lecairn.org\/wp-content\/uploads\/2020\/04\/IMG_20191220_122346-1-1536x1152.jpg 1536w, https:\/\/helene.lecairn.org\/wp-content\/uploads\/2020\/04\/IMG_20191220_122346-1-2048x1536.jpg 2048w\" sizes=\"auto, (max-width: 767px) 89vw, (max-width: 1000px) 54vw, (max-width: 1071px) 543px, 580px\" \/><figcaption>La Seine, la tour Eiffel et les p\u00e9niches, c&rsquo;est comme pour les touristes!<\/figcaption><\/figure>\n\n\n\n<figure class=\"wp-block-image size-large\"><img loading=\"lazy\" decoding=\"async\" width=\"1024\" height=\"768\" src=\"http:\/\/helene.lecairn.org\/wp-content\/uploads\/2020\/04\/IMG_20191220_122710-1-1024x768.jpg\" alt=\"\" class=\"wp-image-2108\" srcset=\"https:\/\/helene.lecairn.org\/wp-content\/uploads\/2020\/04\/IMG_20191220_122710-1-1024x768.jpg 1024w, https:\/\/helene.lecairn.org\/wp-content\/uploads\/2020\/04\/IMG_20191220_122710-1-300x225.jpg 300w, https:\/\/helene.lecairn.org\/wp-content\/uploads\/2020\/04\/IMG_20191220_122710-1-768x576.jpg 768w, https:\/\/helene.lecairn.org\/wp-content\/uploads\/2020\/04\/IMG_20191220_122710-1-1536x1152.jpg 1536w, https:\/\/helene.lecairn.org\/wp-content\/uploads\/2020\/04\/IMG_20191220_122710-1-2048x1536.jpg 2048w\" sizes=\"auto, (max-width: 767px) 89vw, (max-width: 1000px) 54vw, (max-width: 1071px) 543px, 580px\" \/><figcaption>La Seine et le Grand Palais<\/figcaption><\/figure>\n\n\n\n<p class=\"wp-block-paragraph\">Et avant de prendre mon train, je rencontre Am\u00e9lie! Elle aussi est de passage \u00e0 Paris, d\u00e9cid\u00e9ment j&rsquo;ai de la chance! On s&rsquo;installe pour papoter un moment \u00e0 l&rsquo;une des nombreuses cr\u00eaperies aux abords de la Gare Montparnasse.<\/p>\n\n\n\n<figure class=\"wp-block-image size-large is-resized\"><img loading=\"lazy\" decoding=\"async\" src=\"https:\/\/helene.lecairn.org\/wp-content\/uploads\/2020\/04\/IMG_20200105_114632-768x1024.jpg\" alt=\"\" class=\"wp-image-2191\" width=\"384\" height=\"512\" srcset=\"https:\/\/helene.lecairn.org\/wp-content\/uploads\/2020\/04\/IMG_20200105_114632-768x1024.jpg 768w, https:\/\/helene.lecairn.org\/wp-content\/uploads\/2020\/04\/IMG_20200105_114632-225x300.jpg 225w, https:\/\/helene.lecairn.org\/wp-content\/uploads\/2020\/04\/IMG_20200105_114632-1152x1536.jpg 1152w, https:\/\/helene.lecairn.org\/wp-content\/uploads\/2020\/04\/IMG_20200105_114632-1536x2048.jpg 1536w, https:\/\/helene.lecairn.org\/wp-content\/uploads\/2020\/04\/IMG_20200105_114632-scaled.jpg 1920w\" sizes=\"auto, (max-width: 384px) 100vw, 384px\" \/><figcaption>Ayant pr\u00e9vu de traverser Paris \u00e0 pied, je voyage l\u00e9ger, voici mon sac!<\/figcaption><\/figure>\n","protected":false},"excerpt":{"rendered":"<p>Faux d\u00e9part J&rsquo;ai d\u00e9cid\u00e9 de rentrer en France \u00e0 la p\u00e9riode de No\u00ebl pour voir ma famille et quelques amis, et aussi renouveler mon visa. Pour renouveler le visa, il faut aller en personne (et sur rendez-vous) \u00e0 l&rsquo;ambassade des \u00c9tats-Unis \u00e0 Paris, laisser son passeport et se trouver \u00e0 son adresse fran\u00e7aise (pour moi &hellip; <\/p>\n<p class=\"link-more\"><a href=\"https:\/\/helene.lecairn.org\/index.php\/2020\/04\/27\/dec-18-20-passage-rapide-a-paris\/\" class=\"more-link\">Continuer la lecture<span class=\"screen-reader-text\"> de &laquo;&nbsp;Dec 18-20 &#8211; Passage rapide \u00e0 Paris&nbsp;&raquo;<\/span><\/a><\/p>\n","protected":false},"author":1,"featured_media":0,"comment_status":"open","ping_status":"open","sticky":false,"template":"","format":"standard","meta":{"_crdt_document":"","footnotes":""},"categories":[1],"tags":[9,26,12],"class_list":["post-2106","post","type-post","status-publish","format-standard","hentry","category-non-classe","tag-administratif","tag-france","tag-ville"],"_links":{"self":[{"href":"https:\/\/helene.lecairn.org\/index.php\/wp-json\/wp\/v2\/posts\/2106","targetHints":{"allow":["GET"]}}],"collection":[{"href":"https:\/\/helene.lecairn.org\/index.php\/wp-json\/wp\/v2\/posts"}],"about":[{"href":"https:\/\/helene.lecairn.org\/index.php\/wp-json\/wp\/v2\/types\/post"}],"author":[{"embeddable":true,"href":"https:\/\/helene.lecairn.org\/index.php\/wp-json\/wp\/v2\/users\/1"}],"replies":[{"embeddable":true,"href":"https:\/\/helene.lecairn.org\/index.php\/wp-json\/wp\/v2\/comments?post=2106"}],"version-history":[{"count":5,"href":"https:\/\/helene.lecairn.org\/index.php\/wp-json\/wp\/v2\/posts\/2106\/revisions"}],"predecessor-version":[{"id":2192,"href":"https:\/\/helene.lecairn.org\/index.php\/wp-json\/wp\/v2\/posts\/2106\/revisions\/2192"}],"wp:attachment":[{"href":"https:\/\/helene.lecairn.org\/index.php\/wp-json\/wp\/v2\/media?parent=2106"}],"wp:term":[{"taxonomy":"category","embeddable":true,"href":"https:\/\/helene.lecairn.org\/index.php\/wp-json\/wp\/v2\/categories?post=2106"},{"taxonomy":"post_tag","embeddable":true,"href":"https:\/\/helene.lecairn.org\/index.php\/wp-json\/wp\/v2\/tags?post=2106"}],"curies":[{"name":"wp","href":"https:\/\/api.w.org\/{rel}","templated":true}]}}