{"id":1906,"date":"2020-05-08T03:58:00","date_gmt":"2020-05-08T01:58:00","guid":{"rendered":"http:\/\/helene.lecairn.org\/?p=1906"},"modified":"2020-05-04T15:50:22","modified_gmt":"2020-05-04T13:50:22","slug":"jan-feb-elm-park-gele","status":"publish","type":"post","link":"https:\/\/helene.lecairn.org\/index.php\/2020\/05\/08\/jan-feb-elm-park-gele\/","title":{"rendered":"Jan\/Feb &#8211; Elm Park gel\u00e9"},"content":{"rendered":"\n<p class=\"wp-block-paragraph\">En hiver \u00e0 Worcester, Massachusetts, \u00e7a g\u00e8le! Cette ann\u00e9e on a eu beaucoup moins de neige que l&rsquo;ann\u00e9e derni\u00e8re et j&rsquo;ai aussi l&rsquo;impression qu&rsquo;il a fait moins froid, \u00e0 moins que je m&rsquo;habitue! Voici quelques images de Elm Park pendant nos sorties hivernales. <\/p>\n\n\n\n<figure class=\"wp-block-image size-large\"><img loading=\"lazy\" decoding=\"async\" width=\"1024\" height=\"768\" src=\"http:\/\/helene.lecairn.org\/wp-content\/uploads\/2020\/04\/IMG_20200126_145308-1024x768.jpg\" alt=\"\" class=\"wp-image-2150\" srcset=\"https:\/\/helene.lecairn.org\/wp-content\/uploads\/2020\/04\/IMG_20200126_145308-1024x768.jpg 1024w, https:\/\/helene.lecairn.org\/wp-content\/uploads\/2020\/04\/IMG_20200126_145308-300x225.jpg 300w, https:\/\/helene.lecairn.org\/wp-content\/uploads\/2020\/04\/IMG_20200126_145308-768x576.jpg 768w, https:\/\/helene.lecairn.org\/wp-content\/uploads\/2020\/04\/IMG_20200126_145308-1536x1152.jpg 1536w, https:\/\/helene.lecairn.org\/wp-content\/uploads\/2020\/04\/IMG_20200126_145308-2048x1536.jpg 2048w\" sizes=\"auto, (max-width: 767px) 89vw, (max-width: 1000px) 54vw, (max-width: 1071px) 543px, 580px\" \/><\/figure>\n\n\n\n<figure class=\"wp-block-image size-large is-resized\"><img loading=\"lazy\" decoding=\"async\" src=\"http:\/\/helene.lecairn.org\/wp-content\/uploads\/2020\/04\/IMG_20200126_145319-768x1024.jpg\" alt=\"\" class=\"wp-image-2151\" width=\"384\" height=\"512\" srcset=\"https:\/\/helene.lecairn.org\/wp-content\/uploads\/2020\/04\/IMG_20200126_145319-768x1024.jpg 768w, https:\/\/helene.lecairn.org\/wp-content\/uploads\/2020\/04\/IMG_20200126_145319-225x300.jpg 225w, https:\/\/helene.lecairn.org\/wp-content\/uploads\/2020\/04\/IMG_20200126_145319-1152x1536.jpg 1152w, https:\/\/helene.lecairn.org\/wp-content\/uploads\/2020\/04\/IMG_20200126_145319-1536x2048.jpg 1536w, https:\/\/helene.lecairn.org\/wp-content\/uploads\/2020\/04\/IMG_20200126_145319-scaled.jpg 1920w\" sizes=\"auto, (max-width: 384px) 100vw, 384px\" \/><\/figure>\n\n\n\n<figure class=\"wp-block-image size-large\"><img loading=\"lazy\" decoding=\"async\" width=\"1024\" height=\"768\" src=\"http:\/\/helene.lecairn.org\/wp-content\/uploads\/2020\/04\/IMG_20200126_145358-1024x768.jpg\" alt=\"\" class=\"wp-image-2152\" srcset=\"https:\/\/helene.lecairn.org\/wp-content\/uploads\/2020\/04\/IMG_20200126_145358-1024x768.jpg 1024w, https:\/\/helene.lecairn.org\/wp-content\/uploads\/2020\/04\/IMG_20200126_145358-300x225.jpg 300w, https:\/\/helene.lecairn.org\/wp-content\/uploads\/2020\/04\/IMG_20200126_145358-768x576.jpg 768w, https:\/\/helene.lecairn.org\/wp-content\/uploads\/2020\/04\/IMG_20200126_145358-1536x1152.jpg 1536w, https:\/\/helene.lecairn.org\/wp-content\/uploads\/2020\/04\/IMG_20200126_145358-2048x1536.jpg 2048w\" sizes=\"auto, (max-width: 767px) 89vw, (max-width: 1000px) 54vw, (max-width: 1071px) 543px, 580px\" \/><figcaption>Un rayon de soleil! \ud83d\ude42<\/figcaption><\/figure>\n\n\n\n<figure class=\"wp-block-image size-large\"><img loading=\"lazy\" decoding=\"async\" width=\"1024\" height=\"768\" src=\"http:\/\/helene.lecairn.org\/wp-content\/uploads\/2020\/04\/IMG_20200126_145528-1024x768.jpg\" alt=\"\" class=\"wp-image-2153\" srcset=\"https:\/\/helene.lecairn.org\/wp-content\/uploads\/2020\/04\/IMG_20200126_145528-1024x768.jpg 1024w, https:\/\/helene.lecairn.org\/wp-content\/uploads\/2020\/04\/IMG_20200126_145528-300x225.jpg 300w, https:\/\/helene.lecairn.org\/wp-content\/uploads\/2020\/04\/IMG_20200126_145528-768x576.jpg 768w, https:\/\/helene.lecairn.org\/wp-content\/uploads\/2020\/04\/IMG_20200126_145528-1536x1152.jpg 1536w, https:\/\/helene.lecairn.org\/wp-content\/uploads\/2020\/04\/IMG_20200126_145528-2048x1536.jpg 2048w\" sizes=\"auto, (max-width: 767px) 89vw, (max-width: 1000px) 54vw, (max-width: 1071px) 543px, 580px\" \/><\/figure>\n\n\n\n<figure class=\"wp-block-image size-large\"><img loading=\"lazy\" decoding=\"async\" width=\"1024\" height=\"768\" src=\"http:\/\/helene.lecairn.org\/wp-content\/uploads\/2020\/04\/IMG_20200208_170351-1024x768.jpg\" alt=\"\" class=\"wp-image-2154\" srcset=\"https:\/\/helene.lecairn.org\/wp-content\/uploads\/2020\/04\/IMG_20200208_170351-1024x768.jpg 1024w, https:\/\/helene.lecairn.org\/wp-content\/uploads\/2020\/04\/IMG_20200208_170351-300x225.jpg 300w, https:\/\/helene.lecairn.org\/wp-content\/uploads\/2020\/04\/IMG_20200208_170351-768x576.jpg 768w, https:\/\/helene.lecairn.org\/wp-content\/uploads\/2020\/04\/IMG_20200208_170351-1536x1152.jpg 1536w, https:\/\/helene.lecairn.org\/wp-content\/uploads\/2020\/04\/IMG_20200208_170351-2048x1536.jpg 2048w\" sizes=\"auto, (max-width: 767px) 89vw, (max-width: 1000px) 54vw, (max-width: 1071px) 543px, 580px\" \/><figcaption>Il fait froid depuis un moment et la glace est suffisamment \u00e9paisse pour que marche quelques m\u00e8tres. Cyrus s&rsquo;y essaie \u00e0 son tour mais remonte vite sur la berge!<\/figcaption><\/figure>\n\n\n\n<figure class=\"wp-block-image size-large\"><img loading=\"lazy\" decoding=\"async\" width=\"1024\" height=\"768\" src=\"http:\/\/helene.lecairn.org\/wp-content\/uploads\/2020\/04\/IMG_20200208_170740-1024x768.jpg\" alt=\"\" class=\"wp-image-2155\" srcset=\"https:\/\/helene.lecairn.org\/wp-content\/uploads\/2020\/04\/IMG_20200208_170740-1024x768.jpg 1024w, https:\/\/helene.lecairn.org\/wp-content\/uploads\/2020\/04\/IMG_20200208_170740-300x225.jpg 300w, https:\/\/helene.lecairn.org\/wp-content\/uploads\/2020\/04\/IMG_20200208_170740-768x576.jpg 768w, https:\/\/helene.lecairn.org\/wp-content\/uploads\/2020\/04\/IMG_20200208_170740-1536x1152.jpg 1536w, https:\/\/helene.lecairn.org\/wp-content\/uploads\/2020\/04\/IMG_20200208_170740-2048x1536.jpg 2048w\" sizes=\"auto, (max-width: 767px) 89vw, (max-width: 1000px) 54vw, (max-width: 1071px) 543px, 580px\" \/><figcaption>Le lac gel\u00e9 de Elm Park \u00e0 la tomb\u00e9e de la nuit.<\/figcaption><\/figure>\n","protected":false},"excerpt":{"rendered":"<p>En hiver \u00e0 Worcester, Massachusetts, \u00e7a g\u00e8le! Cette ann\u00e9e on a eu beaucoup moins de neige que l&rsquo;ann\u00e9e derni\u00e8re et j&rsquo;ai aussi l&rsquo;impression qu&rsquo;il a fait moins froid, \u00e0 moins que je m&rsquo;habitue! Voici quelques images de Elm Park pendant nos sorties hivernales.<\/p>\n","protected":false},"author":1,"featured_media":0,"comment_status":"open","ping_status":"open","sticky":false,"template":"","format":"standard","meta":{"_crdt_document":"","footnotes":""},"categories":[1],"tags":[18,58,2],"class_list":["post-1906","post","type-post","status-publish","format-standard","hentry","category-non-classe","tag-massachusetts","tag-park","tag-worcester"],"_links":{"self":[{"href":"https:\/\/helene.lecairn.org\/index.php\/wp-json\/wp\/v2\/posts\/1906","targetHints":{"allow":["GET"]}}],"collection":[{"href":"https:\/\/helene.lecairn.org\/index.php\/wp-json\/wp\/v2\/posts"}],"about":[{"href":"https:\/\/helene.lecairn.org\/index.php\/wp-json\/wp\/v2\/types\/post"}],"author":[{"embeddable":true,"href":"https:\/\/helene.lecairn.org\/index.php\/wp-json\/wp\/v2\/users\/1"}],"replies":[{"embeddable":true,"href":"https:\/\/helene.lecairn.org\/index.php\/wp-json\/wp\/v2\/comments?post=1906"}],"version-history":[{"count":3,"href":"https:\/\/helene.lecairn.org\/index.php\/wp-json\/wp\/v2\/posts\/1906\/revisions"}],"predecessor-version":[{"id":2199,"href":"https:\/\/helene.lecairn.org\/index.php\/wp-json\/wp\/v2\/posts\/1906\/revisions\/2199"}],"wp:attachment":[{"href":"https:\/\/helene.lecairn.org\/index.php\/wp-json\/wp\/v2\/media?parent=1906"}],"wp:term":[{"taxonomy":"category","embeddable":true,"href":"https:\/\/helene.lecairn.org\/index.php\/wp-json\/wp\/v2\/categories?post=1906"},{"taxonomy":"post_tag","embeddable":true,"href":"https:\/\/helene.lecairn.org\/index.php\/wp-json\/wp\/v2\/tags?post=1906"}],"curies":[{"name":"wp","href":"https:\/\/api.w.org\/{rel}","templated":true}]}}